{"id":3753,"date":"2022-07-05T09:00:44","date_gmt":"2022-07-05T14:00:44","guid":{"rendered":"https:\/\/zonafrancalacayena.com\/?p=3753"},"modified":"2022-07-05T09:00:44","modified_gmt":"2022-07-05T14:00:44","slug":"barranquilla-junio-de-2022-esta-comunidad-ubicada-en-uno-de-los-dos-corregimientos-en-que-se-divide-la-zona-rural-de-la-ciudad-de-barranquilla-tiene-una-amplia-mayoria-de-poblacion-expuesta-a-condic","status":"publish","type":"post","link":"https:\/\/zonafrancalacayena.com\/en\/barranquilla-junio-de-2022-esta-comunidad-ubicada-en-uno-de-los-dos-corregimientos-en-que-se-divide-la-zona-rural-de-la-ciudad-de-barranquilla-tiene-una-amplia-mayoria-de-poblacion-expuesta-a-condic\/","title":{"rendered":"More than 12,000 people in Juan Mina have benefited thanks to the joint efforts of the Cayena Foundation, private companies in the Cayena Free Trade Zone and non-profit organizations."},"content":{"rendered":"<p>Barranquilla, June 2022. This community located in one of the two townships in which the rural area of the city of Barranquilla is divided has a large majority of population exposed to vulnerable conditions, who generate their income through informal and temporary work. The 70% of the population is born in the sector, however, in recent years a population of people displaced by violence has arrived, as well as Venezuelan migrants.<\/p>\n\n\n\n<p>Faced with these conditions, the Cayena Foundation has sought to be an articulator between the business sector and the community of Juan Mina through programs aligned with a common agenda built with the community, impacting 8,400 inhabitants of the area. Among these programs are the Employability program, which seeks to encourage the employment of families in the sector through the promotion, training and application for positions, to vacancies generated by companies in the area of influence; Looking for Excellence, which focuses on having a better comprehensive and bilingual education for children and youth of the Juan Mina Educational Institution; and the Cuenta Conmigo program that aims to promote the use and enjoyment of leisure time of children and youth through soccer as a tool to teach values and develop life skills.<\/p>\n\n\n\n<figure class=\"wp-block-gallery has-nested-images columns-default is-cropped wp-block-gallery-1 is-layout-flex wp-block-gallery-is-layout-flex\">\n<figure class=\"wp-block-image size-large\"><img fetchpriority=\"high\" decoding=\"async\" width=\"1600\" height=\"1200\" data-id=\"3758\" src=\"https:\/\/zonafrancalacayena.com\/wp-content\/uploads\/2022\/07\/WhatsApp-Image-2022-06-15-at-12.40.18-PM.jpeg\" alt=\"\" class=\"wp-image-3758\" srcset=\"https:\/\/zonafrancalacayena.com\/wp-content\/uploads\/2022\/07\/WhatsApp-Image-2022-06-15-at-12.40.18-PM.jpeg 1600w, https:\/\/zonafrancalacayena.com\/wp-content\/uploads\/2022\/07\/WhatsApp-Image-2022-06-15-at-12.40.18-PM-300x225.jpeg 300w, https:\/\/zonafrancalacayena.com\/wp-content\/uploads\/2022\/07\/WhatsApp-Image-2022-06-15-at-12.40.18-PM-1024x768.jpeg 1024w, https:\/\/zonafrancalacayena.com\/wp-content\/uploads\/2022\/07\/WhatsApp-Image-2022-06-15-at-12.40.18-PM-768x576.jpeg 768w, https:\/\/zonafrancalacayena.com\/wp-content\/uploads\/2022\/07\/WhatsApp-Image-2022-06-15-at-12.40.18-PM-1536x1152.jpeg 1536w\" sizes=\"(max-width: 1600px) 100vw, 1600px\" \/><\/figure>\n\n\n\n<figure class=\"wp-block-image size-large\"><img decoding=\"async\" width=\"1600\" height=\"1200\" data-id=\"3754\" src=\"https:\/\/zonafrancalacayena.com\/wp-content\/uploads\/2022\/07\/WhatsApp-Image-2022-06-15-at-12.40.20-PM-1.jpeg\" alt=\"\" class=\"wp-image-3754\" srcset=\"https:\/\/zonafrancalacayena.com\/wp-content\/uploads\/2022\/07\/WhatsApp-Image-2022-06-15-at-12.40.20-PM-1.jpeg 1600w, https:\/\/zonafrancalacayena.com\/wp-content\/uploads\/2022\/07\/WhatsApp-Image-2022-06-15-at-12.40.20-PM-1-300x225.jpeg 300w, https:\/\/zonafrancalacayena.com\/wp-content\/uploads\/2022\/07\/WhatsApp-Image-2022-06-15-at-12.40.20-PM-1-1024x768.jpeg 1024w, https:\/\/zonafrancalacayena.com\/wp-content\/uploads\/2022\/07\/WhatsApp-Image-2022-06-15-at-12.40.20-PM-1-768x576.jpeg 768w, https:\/\/zonafrancalacayena.com\/wp-content\/uploads\/2022\/07\/WhatsApp-Image-2022-06-15-at-12.40.20-PM-1-1536x1152.jpeg 1536w\" sizes=\"(max-width: 1600px) 100vw, 1600px\" \/><\/figure>\n<\/figure>\n\n\n\n<p>On the other hand, there are the Social Entrepreneurship programs that seek the productivity of families in the area of influence, especially women, through the construction and formalization of productive units, and business strengthening; and Building Dreams with Alfa, which promotes the improvement of the habitability of families in Juan Mina, Villas and its surroundings.<\/p>\n\n\n\n<p>The Cayena Foundation has been able to articulate the actors of the private and public sector in order to meet the needs of the community, including improving education, infrastructure, employability, among others. Thus, more than 14 companies have joined the foundation's initiatives, impacting 12,460 people in the community in the last 5 years.<\/p>\n\n\n\n<p>The companies that have made these changes possible in the community in 2021 are: H. UJUETA, supporting the Godfather Plan; PRO FLO LATAM in employability; CARL BAGUHN, donation of toys for Christmas celebrations; FIRENZE CORP in the sustainable purchasing program; HADA INTERNATIONAL, with accompaniment and support in the development of community programs; and GRUPO ALFA in habitability.<\/p>\n\n\n\n<p>It should also be mentioned that, during the pandemic, companies such as Cartonera Nacional, C7R SAS, Banapol del Caribe and Optima Balistic, supported with the coverage of basic needs and thanks to this, the Cayena Foundation reached 6110 people in vaccination days, donation of masks, delivery of food packages, awareness activities, among others.<\/p>\n\n\n\n<p>\"For the Cayena Foundation, we are proud to have these allies that make it possible for the living conditions of this population to improve. Our goal is to continue building a sustainable, prosperous and equitable community around Juan Mina, to ensure that its development goes hand in hand with the progress of Barranquilla and the Colombian Atlantic Coast, because as our motto says: There are no successful companies if their environment is not part of the development\", says Ana Maria Matalla, president of the Cayena Foundation.<\/p>\n\n\n\n<figure class=\"wp-block-image size-large\"><img decoding=\"async\" src=\"https:\/\/zonafrancalacayena.com\/wp-content\/uploads\/2022\/07\/Post-Fundacion-980x650.jpg\" alt=\"\" class=\"wp-image-3756\"\/><\/figure>","protected":false},"excerpt":{"rendered":"<p>Barranquilla, junio de 2022. Esta comunidad ubicada en uno de los dos corregimientos en que se divide la zona rural de la ciudad de Barranquilla tiene una amplia mayor\u00eda de poblaci\u00f3n expuesta a condiciones de vulnerabilidad, que generan sus ingresos por medio del trabajo informal y temporal. El 70% de la poblaci\u00f3n es nacida en [&hellip;]<\/p>","protected":false},"author":1,"featured_media":3755,"comment_status":"closed","ping_status":"closed","sticky":false,"template":"","format":"standard","meta":{"om_disable_all_campaigns":false,"footnotes":""},"categories":[20],"tags":[],"class_list":["post-3753","post","type-post","status-publish","format-standard","has-post-thumbnail","hentry","category-sin-categorizar"],"yoast_head":"<!-- This site is optimized with the Yoast SEO plugin v27.4 - https:\/\/yoast.com\/product\/yoast-seo-wordpress\/ -->\n<title>M\u00e1s de 12 mil personas de Juan Mina han sido beneficiadas gracias al trabajado articulado entre la Fundaci\u00f3n Cayena, empresas privadas de la Zona Franca la Cayena y organizaciones sin \u00e1nimo de lucro. - Zona Franca La Cayena<\/title>\n<meta name=\"robots\" content=\"index, follow, max-snippet:-1, max-image-preview:large, max-video-preview:-1\" \/>\n<link rel=\"canonical\" href=\"https:\/\/zonafrancalacayena.com\/en\/barranquilla-junio-de-2022-esta-comunidad-ubicada-en-uno-de-los-dos-corregimientos-en-que-se-divide-la-zona-rural-de-la-ciudad-de-barranquilla-tiene-una-amplia-mayoria-de-poblacion-expuesta-a-condic\/\" \/>\n<meta property=\"og:locale\" content=\"en_US\" \/>\n<meta property=\"og:type\" content=\"article\" \/>\n<meta property=\"og:title\" content=\"M\u00e1s de 12 mil personas de Juan Mina han sido beneficiadas gracias al trabajado articulado entre la Fundaci\u00f3n Cayena, empresas privadas de la Zona Franca la Cayena y organizaciones sin \u00e1nimo de lucro. - Zona Franca La Cayena\" \/>\n<meta property=\"og:description\" content=\"Barranquilla, junio de 2022. Esta comunidad ubicada en uno de los dos corregimientos en que se divide la zona rural de la ciudad de Barranquilla tiene una amplia mayor\u00eda de poblaci\u00f3n expuesta a condiciones de vulnerabilidad, que generan sus ingresos por medio del trabajo informal y temporal. El 70% de la poblaci\u00f3n es nacida en [&hellip;]\" \/>\n<meta property=\"og:url\" content=\"https:\/\/zonafrancalacayena.com\/en\/barranquilla-junio-de-2022-esta-comunidad-ubicada-en-uno-de-los-dos-corregimientos-en-que-se-divide-la-zona-rural-de-la-ciudad-de-barranquilla-tiene-una-amplia-mayoria-de-poblacion-expuesta-a-condic\/\" \/>\n<meta property=\"og:site_name\" content=\"Zona Franca La Cayena\" \/>\n<meta property=\"article:published_time\" content=\"2022-07-05T14:00:44+00:00\" \/>\n<meta property=\"og:image\" content=\"https:\/\/zonafrancalacayena.com\/wp-content\/uploads\/2022\/07\/IMG-20220615-WA0010.jpg\" \/>\n\t<meta property=\"og:image:width\" content=\"1920\" \/>\n\t<meta property=\"og:image:height\" content=\"1440\" \/>\n\t<meta property=\"og:image:type\" content=\"image\/jpeg\" \/>\n<meta name=\"author\" content=\"Agencia e-me\" \/>\n<meta name=\"twitter:card\" content=\"summary_large_image\" \/>\n<meta name=\"twitter:label1\" content=\"Written by\" \/>\n\t<meta name=\"twitter:data1\" content=\"Agencia e-me\" \/>\n\t<meta name=\"twitter:label2\" content=\"Est. reading time\" \/>\n\t<meta name=\"twitter:data2\" content=\"4 minutes\" \/>\n<script type=\"application\/ld+json\" class=\"yoast-schema-graph\">{\"@context\":\"https:\\\/\\\/schema.org\",\"@graph\":[{\"@type\":\"Article\",\"@id\":\"https:\\\/\\\/zonafrancalacayena.com\\\/barranquilla-junio-de-2022-esta-comunidad-ubicada-en-uno-de-los-dos-corregimientos-en-que-se-divide-la-zona-rural-de-la-ciudad-de-barranquilla-tiene-una-amplia-mayoria-de-poblacion-expuesta-a-condic\\\/#article\",\"isPartOf\":{\"@id\":\"https:\\\/\\\/zonafrancalacayena.com\\\/barranquilla-junio-de-2022-esta-comunidad-ubicada-en-uno-de-los-dos-corregimientos-en-que-se-divide-la-zona-rural-de-la-ciudad-de-barranquilla-tiene-una-amplia-mayoria-de-poblacion-expuesta-a-condic\\\/\"},\"author\":{\"name\":\"Agencia e-me\",\"@id\":\"https:\\\/\\\/greenyellow-mongoose-787157.hostingersite.com\\\/en\\\/#\\\/schema\\\/person\\\/357c84aa1bccd055e7a9646ead0dd7f8\"},\"headline\":\"M\u00e1s de 12 mil personas de Juan Mina han sido beneficiadas gracias al trabajado articulado entre la Fundaci\u00f3n Cayena, empresas privadas de la Zona Franca la Cayena y organizaciones sin \u00e1nimo de lucro.\",\"datePublished\":\"2022-07-05T14:00:44+00:00\",\"mainEntityOfPage\":{\"@id\":\"https:\\\/\\\/zonafrancalacayena.com\\\/barranquilla-junio-de-2022-esta-comunidad-ubicada-en-uno-de-los-dos-corregimientos-en-que-se-divide-la-zona-rural-de-la-ciudad-de-barranquilla-tiene-una-amplia-mayoria-de-poblacion-expuesta-a-condic\\\/\"},\"wordCount\":621,\"image\":{\"@id\":\"https:\\\/\\\/zonafrancalacayena.com\\\/barranquilla-junio-de-2022-esta-comunidad-ubicada-en-uno-de-los-dos-corregimientos-en-que-se-divide-la-zona-rural-de-la-ciudad-de-barranquilla-tiene-una-amplia-mayoria-de-poblacion-expuesta-a-condic\\\/#primaryimage\"},\"thumbnailUrl\":\"https:\\\/\\\/zonafrancalacayena.com\\\/wp-content\\\/uploads\\\/2022\\\/07\\\/IMG-20220615-WA0010.jpg\",\"articleSection\":[\"Sin categorizar\"],\"inLanguage\":\"en-US\"},{\"@type\":\"WebPage\",\"@id\":\"https:\\\/\\\/zonafrancalacayena.com\\\/barranquilla-junio-de-2022-esta-comunidad-ubicada-en-uno-de-los-dos-corregimientos-en-que-se-divide-la-zona-rural-de-la-ciudad-de-barranquilla-tiene-una-amplia-mayoria-de-poblacion-expuesta-a-condic\\\/\",\"url\":\"https:\\\/\\\/zonafrancalacayena.com\\\/barranquilla-junio-de-2022-esta-comunidad-ubicada-en-uno-de-los-dos-corregimientos-en-que-se-divide-la-zona-rural-de-la-ciudad-de-barranquilla-tiene-una-amplia-mayoria-de-poblacion-expuesta-a-condic\\\/\",\"name\":\"M\u00e1s de 12 mil personas de Juan Mina han sido beneficiadas gracias al trabajado articulado entre la Fundaci\u00f3n Cayena, empresas privadas de la Zona Franca la Cayena y organizaciones sin \u00e1nimo de lucro. - Zona Franca La Cayena\",\"isPartOf\":{\"@id\":\"https:\\\/\\\/greenyellow-mongoose-787157.hostingersite.com\\\/en\\\/#website\"},\"primaryImageOfPage\":{\"@id\":\"https:\\\/\\\/zonafrancalacayena.com\\\/barranquilla-junio-de-2022-esta-comunidad-ubicada-en-uno-de-los-dos-corregimientos-en-que-se-divide-la-zona-rural-de-la-ciudad-de-barranquilla-tiene-una-amplia-mayoria-de-poblacion-expuesta-a-condic\\\/#primaryimage\"},\"image\":{\"@id\":\"https:\\\/\\\/zonafrancalacayena.com\\\/barranquilla-junio-de-2022-esta-comunidad-ubicada-en-uno-de-los-dos-corregimientos-en-que-se-divide-la-zona-rural-de-la-ciudad-de-barranquilla-tiene-una-amplia-mayoria-de-poblacion-expuesta-a-condic\\\/#primaryimage\"},\"thumbnailUrl\":\"https:\\\/\\\/zonafrancalacayena.com\\\/wp-content\\\/uploads\\\/2022\\\/07\\\/IMG-20220615-WA0010.jpg\",\"datePublished\":\"2022-07-05T14:00:44+00:00\",\"author\":{\"@id\":\"https:\\\/\\\/greenyellow-mongoose-787157.hostingersite.com\\\/en\\\/#\\\/schema\\\/person\\\/357c84aa1bccd055e7a9646ead0dd7f8\"},\"breadcrumb\":{\"@id\":\"https:\\\/\\\/zonafrancalacayena.com\\\/barranquilla-junio-de-2022-esta-comunidad-ubicada-en-uno-de-los-dos-corregimientos-en-que-se-divide-la-zona-rural-de-la-ciudad-de-barranquilla-tiene-una-amplia-mayoria-de-poblacion-expuesta-a-condic\\\/#breadcrumb\"},\"inLanguage\":\"en-US\",\"potentialAction\":[{\"@type\":\"ReadAction\",\"target\":[\"https:\\\/\\\/zonafrancalacayena.com\\\/barranquilla-junio-de-2022-esta-comunidad-ubicada-en-uno-de-los-dos-corregimientos-en-que-se-divide-la-zona-rural-de-la-ciudad-de-barranquilla-tiene-una-amplia-mayoria-de-poblacion-expuesta-a-condic\\\/\"]}]},{\"@type\":\"ImageObject\",\"inLanguage\":\"en-US\",\"@id\":\"https:\\\/\\\/zonafrancalacayena.com\\\/barranquilla-junio-de-2022-esta-comunidad-ubicada-en-uno-de-los-dos-corregimientos-en-que-se-divide-la-zona-rural-de-la-ciudad-de-barranquilla-tiene-una-amplia-mayoria-de-poblacion-expuesta-a-condic\\\/#primaryimage\",\"url\":\"https:\\\/\\\/zonafrancalacayena.com\\\/wp-content\\\/uploads\\\/2022\\\/07\\\/IMG-20220615-WA0010.jpg\",\"contentUrl\":\"https:\\\/\\\/zonafrancalacayena.com\\\/wp-content\\\/uploads\\\/2022\\\/07\\\/IMG-20220615-WA0010.jpg\",\"width\":1920,\"height\":1440},{\"@type\":\"BreadcrumbList\",\"@id\":\"https:\\\/\\\/zonafrancalacayena.com\\\/barranquilla-junio-de-2022-esta-comunidad-ubicada-en-uno-de-los-dos-corregimientos-en-que-se-divide-la-zona-rural-de-la-ciudad-de-barranquilla-tiene-una-amplia-mayoria-de-poblacion-expuesta-a-condic\\\/#breadcrumb\",\"itemListElement\":[{\"@type\":\"ListItem\",\"position\":1,\"name\":\"Inicio\",\"item\":\"https:\\\/\\\/greenyellow-mongoose-787157.hostingersite.com\\\/en\\\/\"},{\"@type\":\"ListItem\",\"position\":2,\"name\":\"M\u00e1s de 12 mil personas de Juan Mina han sido beneficiadas gracias al trabajado articulado entre la Fundaci\u00f3n Cayena, empresas privadas de la Zona Franca la Cayena y organizaciones sin \u00e1nimo de lucro.\"}]},{\"@type\":\"WebSite\",\"@id\":\"https:\\\/\\\/greenyellow-mongoose-787157.hostingersite.com\\\/en\\\/#website\",\"url\":\"https:\\\/\\\/greenyellow-mongoose-787157.hostingersite.com\\\/en\\\/\",\"name\":\"Zona Franca La Cayena\",\"description\":\"\",\"potentialAction\":[{\"@type\":\"SearchAction\",\"target\":{\"@type\":\"EntryPoint\",\"urlTemplate\":\"https:\\\/\\\/greenyellow-mongoose-787157.hostingersite.com\\\/en\\\/?s={search_term_string}\"},\"query-input\":{\"@type\":\"PropertyValueSpecification\",\"valueRequired\":true,\"valueName\":\"search_term_string\"}}],\"inLanguage\":\"en-US\"},{\"@type\":\"Person\",\"@id\":\"https:\\\/\\\/greenyellow-mongoose-787157.hostingersite.com\\\/en\\\/#\\\/schema\\\/person\\\/357c84aa1bccd055e7a9646ead0dd7f8\",\"name\":\"Agencia e-me\",\"image\":{\"@type\":\"ImageObject\",\"inLanguage\":\"en-US\",\"@id\":\"https:\\\/\\\/secure.gravatar.com\\\/avatar\\\/c9d9dad97f3f1c983ffe1e9e8c6a83a127bf4d8ef762cd84fd3b0ba9467cc119?s=96&d=mm&r=g\",\"url\":\"https:\\\/\\\/secure.gravatar.com\\\/avatar\\\/c9d9dad97f3f1c983ffe1e9e8c6a83a127bf4d8ef762cd84fd3b0ba9467cc119?s=96&d=mm&r=g\",\"contentUrl\":\"https:\\\/\\\/secure.gravatar.com\\\/avatar\\\/c9d9dad97f3f1c983ffe1e9e8c6a83a127bf4d8ef762cd84fd3b0ba9467cc119?s=96&d=mm&r=g\",\"caption\":\"Agencia e-me\"},\"sameAs\":[\"https:\\\/\\\/zonafrancalacayena.com\"],\"url\":\"https:\\\/\\\/zonafrancalacayena.com\\\/en\\\/author\\\/montajewebe-me-co\\\/\"}]}<\/script>\n<!-- \/ Yoast SEO plugin. -->","yoast_head_json":{"title":"M\u00e1s de 12 mil personas de Juan Mina han sido beneficiadas gracias al trabajado articulado entre la Fundaci\u00f3n Cayena, empresas privadas de la Zona Franca la Cayena y organizaciones sin \u00e1nimo de lucro. - Zona Franca La Cayena","robots":{"index":"index","follow":"follow","max-snippet":"max-snippet:-1","max-image-preview":"max-image-preview:large","max-video-preview":"max-video-preview:-1"},"canonical":"https:\/\/zonafrancalacayena.com\/en\/barranquilla-junio-de-2022-esta-comunidad-ubicada-en-uno-de-los-dos-corregimientos-en-que-se-divide-la-zona-rural-de-la-ciudad-de-barranquilla-tiene-una-amplia-mayoria-de-poblacion-expuesta-a-condic\/","og_locale":"en_US","og_type":"article","og_title":"M\u00e1s de 12 mil personas de Juan Mina han sido beneficiadas gracias al trabajado articulado entre la Fundaci\u00f3n Cayena, empresas privadas de la Zona Franca la Cayena y organizaciones sin \u00e1nimo de lucro. - Zona Franca La Cayena","og_description":"Barranquilla, junio de 2022. Esta comunidad ubicada en uno de los dos corregimientos en que se divide la zona rural de la ciudad de Barranquilla tiene una amplia mayor\u00eda de poblaci\u00f3n expuesta a condiciones de vulnerabilidad, que generan sus ingresos por medio del trabajo informal y temporal. El 70% de la poblaci\u00f3n es nacida en [&hellip;]","og_url":"https:\/\/zonafrancalacayena.com\/en\/barranquilla-junio-de-2022-esta-comunidad-ubicada-en-uno-de-los-dos-corregimientos-en-que-se-divide-la-zona-rural-de-la-ciudad-de-barranquilla-tiene-una-amplia-mayoria-de-poblacion-expuesta-a-condic\/","og_site_name":"Zona Franca La Cayena","article_published_time":"2022-07-05T14:00:44+00:00","og_image":[{"width":1920,"height":1440,"url":"https:\/\/zonafrancalacayena.com\/wp-content\/uploads\/2022\/07\/IMG-20220615-WA0010.jpg","type":"image\/jpeg"}],"author":"Agencia e-me","twitter_card":"summary_large_image","twitter_misc":{"Written by":"Agencia e-me","Est. reading time":"4 minutes"},"schema":{"@context":"https:\/\/schema.org","@graph":[{"@type":"Article","@id":"https:\/\/zonafrancalacayena.com\/barranquilla-junio-de-2022-esta-comunidad-ubicada-en-uno-de-los-dos-corregimientos-en-que-se-divide-la-zona-rural-de-la-ciudad-de-barranquilla-tiene-una-amplia-mayoria-de-poblacion-expuesta-a-condic\/#article","isPartOf":{"@id":"https:\/\/zonafrancalacayena.com\/barranquilla-junio-de-2022-esta-comunidad-ubicada-en-uno-de-los-dos-corregimientos-en-que-se-divide-la-zona-rural-de-la-ciudad-de-barranquilla-tiene-una-amplia-mayoria-de-poblacion-expuesta-a-condic\/"},"author":{"name":"Agencia e-me","@id":"https:\/\/greenyellow-mongoose-787157.hostingersite.com\/en\/#\/schema\/person\/357c84aa1bccd055e7a9646ead0dd7f8"},"headline":"M\u00e1s de 12 mil personas de Juan Mina han sido beneficiadas gracias al trabajado articulado entre la Fundaci\u00f3n Cayena, empresas privadas de la Zona Franca la Cayena y organizaciones sin \u00e1nimo de lucro.","datePublished":"2022-07-05T14:00:44+00:00","mainEntityOfPage":{"@id":"https:\/\/zonafrancalacayena.com\/barranquilla-junio-de-2022-esta-comunidad-ubicada-en-uno-de-los-dos-corregimientos-en-que-se-divide-la-zona-rural-de-la-ciudad-de-barranquilla-tiene-una-amplia-mayoria-de-poblacion-expuesta-a-condic\/"},"wordCount":621,"image":{"@id":"https:\/\/zonafrancalacayena.com\/barranquilla-junio-de-2022-esta-comunidad-ubicada-en-uno-de-los-dos-corregimientos-en-que-se-divide-la-zona-rural-de-la-ciudad-de-barranquilla-tiene-una-amplia-mayoria-de-poblacion-expuesta-a-condic\/#primaryimage"},"thumbnailUrl":"https:\/\/zonafrancalacayena.com\/wp-content\/uploads\/2022\/07\/IMG-20220615-WA0010.jpg","articleSection":["Sin categorizar"],"inLanguage":"en-US"},{"@type":"WebPage","@id":"https:\/\/zonafrancalacayena.com\/barranquilla-junio-de-2022-esta-comunidad-ubicada-en-uno-de-los-dos-corregimientos-en-que-se-divide-la-zona-rural-de-la-ciudad-de-barranquilla-tiene-una-amplia-mayoria-de-poblacion-expuesta-a-condic\/","url":"https:\/\/zonafrancalacayena.com\/barranquilla-junio-de-2022-esta-comunidad-ubicada-en-uno-de-los-dos-corregimientos-en-que-se-divide-la-zona-rural-de-la-ciudad-de-barranquilla-tiene-una-amplia-mayoria-de-poblacion-expuesta-a-condic\/","name":"M\u00e1s de 12 mil personas de Juan Mina han sido beneficiadas gracias al trabajado articulado entre la Fundaci\u00f3n Cayena, empresas privadas de la Zona Franca la Cayena y organizaciones sin \u00e1nimo de lucro. - Zona Franca La Cayena","isPartOf":{"@id":"https:\/\/greenyellow-mongoose-787157.hostingersite.com\/en\/#website"},"primaryImageOfPage":{"@id":"https:\/\/zonafrancalacayena.com\/barranquilla-junio-de-2022-esta-comunidad-ubicada-en-uno-de-los-dos-corregimientos-en-que-se-divide-la-zona-rural-de-la-ciudad-de-barranquilla-tiene-una-amplia-mayoria-de-poblacion-expuesta-a-condic\/#primaryimage"},"image":{"@id":"https:\/\/zonafrancalacayena.com\/barranquilla-junio-de-2022-esta-comunidad-ubicada-en-uno-de-los-dos-corregimientos-en-que-se-divide-la-zona-rural-de-la-ciudad-de-barranquilla-tiene-una-amplia-mayoria-de-poblacion-expuesta-a-condic\/#primaryimage"},"thumbnailUrl":"https:\/\/zonafrancalacayena.com\/wp-content\/uploads\/2022\/07\/IMG-20220615-WA0010.jpg","datePublished":"2022-07-05T14:00:44+00:00","author":{"@id":"https:\/\/greenyellow-mongoose-787157.hostingersite.com\/en\/#\/schema\/person\/357c84aa1bccd055e7a9646ead0dd7f8"},"breadcrumb":{"@id":"https:\/\/zonafrancalacayena.com\/barranquilla-junio-de-2022-esta-comunidad-ubicada-en-uno-de-los-dos-corregimientos-en-que-se-divide-la-zona-rural-de-la-ciudad-de-barranquilla-tiene-una-amplia-mayoria-de-poblacion-expuesta-a-condic\/#breadcrumb"},"inLanguage":"en-US","potentialAction":[{"@type":"ReadAction","target":["https:\/\/zonafrancalacayena.com\/barranquilla-junio-de-2022-esta-comunidad-ubicada-en-uno-de-los-dos-corregimientos-en-que-se-divide-la-zona-rural-de-la-ciudad-de-barranquilla-tiene-una-amplia-mayoria-de-poblacion-expuesta-a-condic\/"]}]},{"@type":"ImageObject","inLanguage":"en-US","@id":"https:\/\/zonafrancalacayena.com\/barranquilla-junio-de-2022-esta-comunidad-ubicada-en-uno-de-los-dos-corregimientos-en-que-se-divide-la-zona-rural-de-la-ciudad-de-barranquilla-tiene-una-amplia-mayoria-de-poblacion-expuesta-a-condic\/#primaryimage","url":"https:\/\/zonafrancalacayena.com\/wp-content\/uploads\/2022\/07\/IMG-20220615-WA0010.jpg","contentUrl":"https:\/\/zonafrancalacayena.com\/wp-content\/uploads\/2022\/07\/IMG-20220615-WA0010.jpg","width":1920,"height":1440},{"@type":"BreadcrumbList","@id":"https:\/\/zonafrancalacayena.com\/barranquilla-junio-de-2022-esta-comunidad-ubicada-en-uno-de-los-dos-corregimientos-en-que-se-divide-la-zona-rural-de-la-ciudad-de-barranquilla-tiene-una-amplia-mayoria-de-poblacion-expuesta-a-condic\/#breadcrumb","itemListElement":[{"@type":"ListItem","position":1,"name":"Inicio","item":"https:\/\/greenyellow-mongoose-787157.hostingersite.com\/en\/"},{"@type":"ListItem","position":2,"name":"M\u00e1s de 12 mil personas de Juan Mina han sido beneficiadas gracias al trabajado articulado entre la Fundaci\u00f3n Cayena, empresas privadas de la Zona Franca la Cayena y organizaciones sin \u00e1nimo de lucro."}]},{"@type":"WebSite","@id":"https:\/\/greenyellow-mongoose-787157.hostingersite.com\/en\/#website","url":"https:\/\/greenyellow-mongoose-787157.hostingersite.com\/en\/","name":"La Cayena Free Trade Zone","description":"","potentialAction":[{"@type":"SearchAction","target":{"@type":"EntryPoint","urlTemplate":"https:\/\/greenyellow-mongoose-787157.hostingersite.com\/en\/?s={search_term_string}"},"query-input":{"@type":"PropertyValueSpecification","valueRequired":true,"valueName":"search_term_string"}}],"inLanguage":"en-US"},{"@type":"Person","@id":"https:\/\/greenyellow-mongoose-787157.hostingersite.com\/en\/#\/schema\/person\/357c84aa1bccd055e7a9646ead0dd7f8","name":"Agencia e-me","image":{"@type":"ImageObject","inLanguage":"en-US","@id":"https:\/\/secure.gravatar.com\/avatar\/c9d9dad97f3f1c983ffe1e9e8c6a83a127bf4d8ef762cd84fd3b0ba9467cc119?s=96&d=mm&r=g","url":"https:\/\/secure.gravatar.com\/avatar\/c9d9dad97f3f1c983ffe1e9e8c6a83a127bf4d8ef762cd84fd3b0ba9467cc119?s=96&d=mm&r=g","contentUrl":"https:\/\/secure.gravatar.com\/avatar\/c9d9dad97f3f1c983ffe1e9e8c6a83a127bf4d8ef762cd84fd3b0ba9467cc119?s=96&d=mm&r=g","caption":"Agencia e-me"},"sameAs":["https:\/\/zonafrancalacayena.com"],"url":"https:\/\/zonafrancalacayena.com\/en\/author\/montajewebe-me-co\/"}]}},"_links":{"self":[{"href":"https:\/\/zonafrancalacayena.com\/en\/wp-json\/wp\/v2\/posts\/3753","targetHints":{"allow":["GET"]}}],"collection":[{"href":"https:\/\/zonafrancalacayena.com\/en\/wp-json\/wp\/v2\/posts"}],"about":[{"href":"https:\/\/zonafrancalacayena.com\/en\/wp-json\/wp\/v2\/types\/post"}],"author":[{"embeddable":true,"href":"https:\/\/zonafrancalacayena.com\/en\/wp-json\/wp\/v2\/users\/1"}],"replies":[{"embeddable":true,"href":"https:\/\/zonafrancalacayena.com\/en\/wp-json\/wp\/v2\/comments?post=3753"}],"version-history":[{"count":0,"href":"https:\/\/zonafrancalacayena.com\/en\/wp-json\/wp\/v2\/posts\/3753\/revisions"}],"wp:featuredmedia":[{"embeddable":true,"href":"https:\/\/zonafrancalacayena.com\/en\/wp-json\/wp\/v2\/media\/3755"}],"wp:attachment":[{"href":"https:\/\/zonafrancalacayena.com\/en\/wp-json\/wp\/v2\/media?parent=3753"}],"wp:term":[{"taxonomy":"category","embeddable":true,"href":"https:\/\/zonafrancalacayena.com\/en\/wp-json\/wp\/v2\/categories?post=3753"},{"taxonomy":"post_tag","embeddable":true,"href":"https:\/\/zonafrancalacayena.com\/en\/wp-json\/wp\/v2\/tags?post=3753"}],"curies":[{"name":"wp","href":"https:\/\/api.w.org\/{rel}","templated":true}]}}